{"id":2707,"date":"2022-05-03T15:17:00","date_gmt":"2022-05-03T15:17:00","guid":{"rendered":"https:\/\/cofradiamatrizandujar.org\/?p=2707"},"modified":"2022-08-08T15:54:19","modified_gmt":"2022-08-08T15:54:19","slug":"%f0%9d%90%8f%f0%9d%90%84%f0%9d%90%93%f0%9d%90%80%f0%9d%90%8ba-%f0%9d%90%9a-%f0%9d%90%a5%f0%9d%90%9a-%f0%9d%90%a2%f0%9d%90%a6%f0%9d%90%9a%f0%9d%90%a0%f0%9d%90%9e%f0%9d%90%a7-%f0%9d%90%95%f0%9d%90%a2","status":"publish","type":"post","link":"https:\/\/cofradiamatrizandujar.org\/en\/%f0%9d%90%8f%f0%9d%90%84%f0%9d%90%93%f0%9d%90%80%f0%9d%90%8ba-%f0%9d%90%9a-%f0%9d%90%a5%f0%9d%90%9a-%f0%9d%90%a2%f0%9d%90%a6%f0%9d%90%9a%f0%9d%90%a0%f0%9d%90%9e%f0%9d%90%a7-%f0%9d%90%95%f0%9d%90%a2","title":{"rendered":"PETAL\u00c1 \ud835\udc1a \ud835\udc25\ud835\udc1a \ud835\udc22\ud835\udc26\ud835\udc1a\ud835\udc20\ud835\udc1e\ud835\udc27 \ud835\udc15\ud835\udc22\ud835\udc1c\ud835\udc1a\ud835\udc2b\u00ed\ud835\udc1a \ud835\udc1d\ud835\udc1e \ud835\udc25\ud835\udc1a \ud835\udc12\ud835\udc1a\ud835\udc27\ud835\udc2d\u00ed\ud835\udc2c\ud835\udc22\ud835\udc26\ud835\udc1a \ud835\udc15\ud835\udc22\ud835\udc2b\ud835\udc20\ud835\udc1e\ud835\udc27 \ud835\udc1d\ud835\udc1e \ud835\udc25\ud835\udc1a \ud835\udc02\ud835\udc1a\ud835\udc1b\ud835\udc1e\ud835\udc33\ud835\udc1a."},"content":{"rendered":"<figure class=\"wp-block-image size-large\"><img loading=\"lazy\" decoding=\"async\" width=\"1024\" height=\"577\" src=\"https:\/\/cofradiamatrizandujar.org\/wp-content\/uploads\/2022\/08\/279467093_3191736401116141_4494357035791377772_n-1024x577.jpg\" alt=\"\" class=\"wp-image-2708\" srcset=\"https:\/\/cofradiamatrizandujar.org\/wp-content\/uploads\/2022\/08\/279467093_3191736401116141_4494357035791377772_n-1024x577.jpg 1024w, https:\/\/cofradiamatrizandujar.org\/wp-content\/uploads\/2022\/08\/279467093_3191736401116141_4494357035791377772_n-300x169.jpg 300w, https:\/\/cofradiamatrizandujar.org\/wp-content\/uploads\/2022\/08\/279467093_3191736401116141_4494357035791377772_n-768x432.jpg 768w, https:\/\/cofradiamatrizandujar.org\/wp-content\/uploads\/2022\/08\/279467093_3191736401116141_4494357035791377772_n-1536x865.jpg 1536w, https:\/\/cofradiamatrizandujar.org\/wp-content\/uploads\/2022\/08\/279467093_3191736401116141_4494357035791377772_n.jpg 1600w\" sizes=\"auto, (max-width: 1024px) 100vw, 1024px\" \/><\/figure>\n\n\n\n<p>Petal\u00e1 a la Virgen de la Cabeza<\/p>\n\n\n\n<p>Si quieres participar y colaborar en la petal\u00e1 que se realizar\u00e1 a la imagen vicar\u00eda de la Sant\u00edsima Virgen de la Cabeza podr\u00e1s hacerlo a trav\u00e9s de :<\/p>\n\n\n\n<p><img loading=\"lazy\" decoding=\"async\" height=\"16\" width=\"16\" alt=\"\ud83d\udd39\" src=\"https:\/\/static.xx.fbcdn.net\/images\/emoji.php\/v9\/t4c\/1.5\/16\/1f539.png\">Un donativo en la sede social de la Cofrad\u00eda Matriz.<\/p>\n\n\n\n<p><a><\/a><img loading=\"lazy\" decoding=\"async\" height=\"16\" width=\"16\" alt=\"\ud83d\udd39\" src=\"https:\/\/static.xx.fbcdn.net\/images\/emoji.php\/v9\/t4c\/1.5\/16\/1f539.png\">Entregando flores en la sede social de la Cofrad\u00eda Matriz.<\/p>\n\n\n\n<p>Para m\u00e1s informaci\u00f3n podr\u00e1n hacerlo a trav\u00e9s de mensaje privado por las redes sociales de la Cofrad\u00eda Matriz o v\u00eda WhatsApp al tel\u00e9fono 610 322 304.<\/p>","protected":false},"excerpt":{"rendered":"<p>Petal\u00e1 a la Virgen de la Cabeza Si quieres participar y colaborar en la petal\u00e1 que se realizar\u00e1 a la imagen vicar\u00eda de la Sant\u00edsima Virgen de la Cabeza podr\u00e1s hacerlo a trav\u00e9s de : Un donativo en la sede social de la Cofrad\u00eda Matriz. Entregando flores en la sede social de la Cofrad\u00eda Matriz. [&hellip;]<\/p>\n","protected":false},"author":2,"featured_media":2708,"comment_status":"open","ping_status":"open","sticky":false,"template":"","format":"standard","meta":{"_genesis_hide_title":false,"_genesis_hide_breadcrumbs":false,"_genesis_hide_singular_image":false,"_genesis_hide_footer_widgets":false,"_genesis_custom_body_class":"","_genesis_custom_post_class":"","_genesis_layout":"","footnotes":""},"categories":[5],"tags":[],"class_list":{"0":"post-2707","1":"post","2":"type-post","3":"status-publish","4":"format-standard","5":"has-post-thumbnail","7":"category-actualidad","8":"entry"},"featured_image_src":"https:\/\/cofradiamatrizandujar.org\/wp-content\/uploads\/2022\/08\/279467093_3191736401116141_4494357035791377772_n-600x400.jpg","featured_image_src_square":"https:\/\/cofradiamatrizandujar.org\/wp-content\/uploads\/2022\/08\/279467093_3191736401116141_4494357035791377772_n-600x600.jpg","author_info":{"display_name":"Salva Marcos","author_link":"https:\/\/cofradiamatrizandujar.org\/en\/author\/salva"},"_links":{"self":[{"href":"https:\/\/cofradiamatrizandujar.org\/en\/wp-json\/wp\/v2\/posts\/2707","targetHints":{"allow":["GET"]}}],"collection":[{"href":"https:\/\/cofradiamatrizandujar.org\/en\/wp-json\/wp\/v2\/posts"}],"about":[{"href":"https:\/\/cofradiamatrizandujar.org\/en\/wp-json\/wp\/v2\/types\/post"}],"author":[{"embeddable":true,"href":"https:\/\/cofradiamatrizandujar.org\/en\/wp-json\/wp\/v2\/users\/2"}],"replies":[{"embeddable":true,"href":"https:\/\/cofradiamatrizandujar.org\/en\/wp-json\/wp\/v2\/comments?post=2707"}],"version-history":[{"count":2,"href":"https:\/\/cofradiamatrizandujar.org\/en\/wp-json\/wp\/v2\/posts\/2707\/revisions"}],"predecessor-version":[{"id":2752,"href":"https:\/\/cofradiamatrizandujar.org\/en\/wp-json\/wp\/v2\/posts\/2707\/revisions\/2752"}],"wp:featuredmedia":[{"embeddable":true,"href":"https:\/\/cofradiamatrizandujar.org\/en\/wp-json\/wp\/v2\/media\/2708"}],"wp:attachment":[{"href":"https:\/\/cofradiamatrizandujar.org\/en\/wp-json\/wp\/v2\/media?parent=2707"}],"wp:term":[{"taxonomy":"category","embeddable":true,"href":"https:\/\/cofradiamatrizandujar.org\/en\/wp-json\/wp\/v2\/categories?post=2707"},{"taxonomy":"post_tag","embeddable":true,"href":"https:\/\/cofradiamatrizandujar.org\/en\/wp-json\/wp\/v2\/tags?post=2707"}],"curies":[{"name":"wp","href":"https:\/\/api.w.org\/{rel}","templated":true}]}}