{"id":4538,"date":"2023-02-24T09:57:00","date_gmt":"2023-02-24T09:57:00","guid":{"rendered":"https:\/\/cofradiamatrizandujar.org\/?p=4538"},"modified":"2023-04-18T09:58:14","modified_gmt":"2023-04-18T09:58:14","slug":"%f0%9d%90%8d%f0%9d%90%94%f0%9d%90%84%f0%9d%90%95%f0%9d%90%8e-%f0%9d%90%87%f0%9d%90%8e%f0%9d%90%91%f0%9d%90%80%f0%9d%90%91%f0%9d%90%88%f0%9d%90%8e-%f0%9d%90%83%f0%9d%90%84-%f0%9d%90%8b%f0%9d%90%80","status":"publish","type":"post","link":"https:\/\/cofradiamatrizandujar.org\/en\/%f0%9d%90%8d%f0%9d%90%94%f0%9d%90%84%f0%9d%90%95%f0%9d%90%8e-%f0%9d%90%87%f0%9d%90%8e%f0%9d%90%91%f0%9d%90%80%f0%9d%90%91%f0%9d%90%88%f0%9d%90%8e-%f0%9d%90%83%f0%9d%90%84-%f0%9d%90%8b%f0%9d%90%80","title":{"rendered":"\ud835\udc0d\ud835\udc14\ud835\udc04\ud835\udc15\ud835\udc0e \ud835\udc07\ud835\udc0e\ud835\udc11\ud835\udc00\ud835\udc11\ud835\udc08\ud835\udc0e \ud835\udc03\ud835\udc04 \ud835\udc0b\ud835\udc00 \ud835\udc12\ud835\udc04\ud835\udc03\ud835\udc04 \ud835\udc12\ud835\udc0e\ud835\udc02\ud835\udc08\ud835\udc00\ud835\udc0b \ud835\udc03\ud835\udc04 \ud835\udc0b\ud835\udc00 \ud835\udc02\ud835\udc0e\ud835\udc05\ud835\udc11\ud835\udc00\ud835\udc03\ud835\udc08\u0301\ud835\udc00 \ud835\udc0c\ud835\udc00\ud835\udc13\ud835\udc11\ud835\udc08\ud835\udc19 \ud835\udc03\ud835\udc04 \ud835\udc0b\ud835\udc00 \ud835\udc12\ud835\udc00\ud835\udc0d\ud835\udc13\ud835\udc08\u0301\ud835\udc12\ud835\udc08\ud835\udc0c\ud835\udc00 \ud835\udc15\ud835\udc08\ud835\udc11\ud835\udc06\ud835\udc04\ud835\udc0d \ud835\udc03\ud835\udc04 \ud835\udc0b\ud835\udc00 \ud835\udc02\ud835\udc00\ud835\udc01\ud835\udc04\ud835\udc19\ud835\udc00."},"content":{"rendered":"<figure class=\"wp-block-image size-full\"><img loading=\"lazy\" decoding=\"async\" width=\"720\" height=\"509\" src=\"https:\/\/cofradiamatrizandujar.org\/wp-content\/uploads\/2023\/04\/332929364_993520684957247_8050243516965078415_n.jpg\" alt=\"\" class=\"wp-image-4539\" srcset=\"https:\/\/cofradiamatrizandujar.org\/wp-content\/uploads\/2023\/04\/332929364_993520684957247_8050243516965078415_n.jpg 720w, https:\/\/cofradiamatrizandujar.org\/wp-content\/uploads\/2023\/04\/332929364_993520684957247_8050243516965078415_n-300x212.jpg 300w, https:\/\/cofradiamatrizandujar.org\/wp-content\/uploads\/2023\/04\/332929364_993520684957247_8050243516965078415_n-18x12.jpg 18w\" sizes=\"auto, (max-width: 720px) 100vw, 720px\" \/><\/figure>\n\n\n\n<p>\ud835\udc0d\ud835\udc14\ud835\udc04\ud835\udc15\ud835\udc0e \ud835\udc07\ud835\udc0e\ud835\udc11\ud835\udc00\ud835\udc11\ud835\udc08\ud835\udc0e \ud835\udc03\ud835\udc04 \ud835\udc0b\ud835\udc00 \ud835\udc12\ud835\udc04\ud835\udc03\ud835\udc04 \ud835\udc12\ud835\udc0e\ud835\udc02\ud835\udc08\ud835\udc00\ud835\udc0b \ud835\udc03\ud835\udc04 \ud835\udc0b\ud835\udc00 \ud835\udc02\ud835\udc0e\ud835\udc05\ud835\udc11\ud835\udc00\ud835\udc03\ud835\udc08\u0301\ud835\udc00 \ud835\udc0c\ud835\udc00\ud835\udc13\ud835\udc11\ud835\udc08\ud835\udc19 \ud835\udc03\ud835\udc04 \ud835\udc0b\ud835\udc00 \ud835\udc12\ud835\udc00\ud835\udc0d\ud835\udc13\ud835\udc08\u0301\ud835\udc12\ud835\udc08\ud835\udc0c\ud835\udc00 \ud835\udc15\ud835\udc08\ud835\udc11\ud835\udc06\ud835\udc04\ud835\udc0d \ud835\udc03\ud835\udc04 \ud835\udc0b\ud835\udc00 \ud835\udc02\ud835\udc00\ud835\udc01\ud835\udc04\ud835\udc19\ud835\udc00.<\/p>\n\n\n\n<p>\ud835\udc00 \ud835\udc29\ud835\udc1a\ud835\udc2b\ud835\udc2d\ud835\udc22\ud835\udc2b \ud835\udc1d\ud835\udc1e\ud835\udc25 \ud835\udc1d\ud835\udc22\u0301\ud835\udc1a \ud835\udfcf \ud835\udc1d\ud835\udc1e \ud835\udc0c\ud835\udc1a\ud835\udc2b\ud835\udc33\ud835\udc28 la sede social de la Cofrad\u00eda Matriz de la Sant\u00edsima Virgen de la Cabeza abrir\u00e1 los \ud835\udc25\ud835\udc2e\ud835\udc27\ud835\udc1e\ud835\udc2c, \ud835\udc26\ud835\udc22\ud835\udc1e\u0301\ud835\udc2b\ud835\udc1c\ud835\udc28\ud835\udc25\ud835\udc1e\ud835\udc2c, \ud835\udc23\ud835\udc2e\ud835\udc1e\ud835\udc2f\ud835\udc1e\ud835\udc2c \ud835\udc32 \ud835\udc2f\ud835\udc22\ud835\udc1e\ud835\udc2b\ud835\udc27\ud835\udc1e\ud835\udc2c \ud835\udc1e\ud835\udc27 \ud835\udc21\ud835\udc28\ud835\udc2b\ud835\udc1a\ud835\udc2b\ud835\udc22\ud835\udc28 \ud835\udc1d\ud835\udc1e \ud835\udfcf\ud835\udfd5.\ud835\udfd1\ud835\udfce \ud835\udc21\ud835\udc28\ud835\udc2b\ud835\udc1a\ud835\udc2c \ud835\udc1a \ud835\udfd0\ud835\udfce.\ud835\udfce\ud835\udfce \ud835\udc21\ud835\udc28\ud835\udc2b\ud835\udc1a\ud835\udc2c.<\/p>","protected":false},"excerpt":{"rendered":"<p>\ud835\udc0d\ud835\udc14\ud835\udc04\ud835\udc15\ud835\udc0e \ud835\udc07\ud835\udc0e\ud835\udc11\ud835\udc00\ud835\udc11\ud835\udc08\ud835\udc0e \ud835\udc03\ud835\udc04 \ud835\udc0b\ud835\udc00 \ud835\udc12\ud835\udc04\ud835\udc03\ud835\udc04 \ud835\udc12\ud835\udc0e\ud835\udc02\ud835\udc08\ud835\udc00\ud835\udc0b \ud835\udc03\ud835\udc04 \ud835\udc0b\ud835\udc00 \ud835\udc02\ud835\udc0e\ud835\udc05\ud835\udc11\ud835\udc00\ud835\udc03\ud835\udc08\u0301\ud835\udc00 \ud835\udc0c\ud835\udc00\ud835\udc13\ud835\udc11\ud835\udc08\ud835\udc19 \ud835\udc03\ud835\udc04 \ud835\udc0b\ud835\udc00 \ud835\udc12\ud835\udc00\ud835\udc0d\ud835\udc13\ud835\udc08\u0301\ud835\udc12\ud835\udc08\ud835\udc0c\ud835\udc00 \ud835\udc15\ud835\udc08\ud835\udc11\ud835\udc06\ud835\udc04\ud835\udc0d \ud835\udc03\ud835\udc04 \ud835\udc0b\ud835\udc00 \ud835\udc02\ud835\udc00\ud835\udc01\ud835\udc04\ud835\udc19\ud835\udc00. \ud835\udc00 \ud835\udc29\ud835\udc1a\ud835\udc2b\ud835\udc2d\ud835\udc22\ud835\udc2b \ud835\udc1d\ud835\udc1e\ud835\udc25 \ud835\udc1d\ud835\udc22\u0301\ud835\udc1a \ud835\udfcf \ud835\udc1d\ud835\udc1e \ud835\udc0c\ud835\udc1a\ud835\udc2b\ud835\udc33\ud835\udc28 la sede social de la Cofrad\u00eda Matriz de la Sant\u00edsima Virgen de la Cabeza abrir\u00e1 los \ud835\udc25\ud835\udc2e\ud835\udc27\ud835\udc1e\ud835\udc2c, \ud835\udc26\ud835\udc22\ud835\udc1e\u0301\ud835\udc2b\ud835\udc1c\ud835\udc28\ud835\udc25\ud835\udc1e\ud835\udc2c, \ud835\udc23\ud835\udc2e\ud835\udc1e\ud835\udc2f\ud835\udc1e\ud835\udc2c \ud835\udc32 \ud835\udc2f\ud835\udc22\ud835\udc1e\ud835\udc2b\ud835\udc27\ud835\udc1e\ud835\udc2c \ud835\udc1e\ud835\udc27 \ud835\udc21\ud835\udc28\ud835\udc2b\ud835\udc1a\ud835\udc2b\ud835\udc22\ud835\udc28 \ud835\udc1d\ud835\udc1e \ud835\udfcf\ud835\udfd5.\ud835\udfd1\ud835\udfce \ud835\udc21\ud835\udc28\ud835\udc2b\ud835\udc1a\ud835\udc2c \ud835\udc1a \ud835\udfd0\ud835\udfce.\ud835\udfce\ud835\udfce \ud835\udc21\ud835\udc28\ud835\udc2b\ud835\udc1a\ud835\udc2c.<\/p>","protected":false},"author":2,"featured_media":4539,"comment_status":"open","ping_status":"open","sticky":false,"template":"","format":"standard","meta":{"_genesis_hide_title":false,"_genesis_hide_breadcrumbs":false,"_genesis_hide_singular_image":false,"_genesis_hide_footer_widgets":false,"_genesis_custom_body_class":"","_genesis_custom_post_class":"","_genesis_layout":"","footnotes":""},"categories":[5],"tags":[],"class_list":{"0":"post-4538","1":"post","2":"type-post","3":"status-publish","4":"format-standard","5":"has-post-thumbnail","7":"category-actualidad","8":"entry"},"featured_image_src":"https:\/\/cofradiamatrizandujar.org\/wp-content\/uploads\/2023\/04\/332929364_993520684957247_8050243516965078415_n-600x400.jpg","featured_image_src_square":"https:\/\/cofradiamatrizandujar.org\/wp-content\/uploads\/2023\/04\/332929364_993520684957247_8050243516965078415_n-600x509.jpg","author_info":{"display_name":"Salva Marcos","author_link":"https:\/\/cofradiamatrizandujar.org\/en\/author\/salva"},"_links":{"self":[{"href":"https:\/\/cofradiamatrizandujar.org\/en\/wp-json\/wp\/v2\/posts\/4538","targetHints":{"allow":["GET"]}}],"collection":[{"href":"https:\/\/cofradiamatrizandujar.org\/en\/wp-json\/wp\/v2\/posts"}],"about":[{"href":"https:\/\/cofradiamatrizandujar.org\/en\/wp-json\/wp\/v2\/types\/post"}],"author":[{"embeddable":true,"href":"https:\/\/cofradiamatrizandujar.org\/en\/wp-json\/wp\/v2\/users\/2"}],"replies":[{"embeddable":true,"href":"https:\/\/cofradiamatrizandujar.org\/en\/wp-json\/wp\/v2\/comments?post=4538"}],"version-history":[{"count":1,"href":"https:\/\/cofradiamatrizandujar.org\/en\/wp-json\/wp\/v2\/posts\/4538\/revisions"}],"predecessor-version":[{"id":4540,"href":"https:\/\/cofradiamatrizandujar.org\/en\/wp-json\/wp\/v2\/posts\/4538\/revisions\/4540"}],"wp:featuredmedia":[{"embeddable":true,"href":"https:\/\/cofradiamatrizandujar.org\/en\/wp-json\/wp\/v2\/media\/4539"}],"wp:attachment":[{"href":"https:\/\/cofradiamatrizandujar.org\/en\/wp-json\/wp\/v2\/media?parent=4538"}],"wp:term":[{"taxonomy":"category","embeddable":true,"href":"https:\/\/cofradiamatrizandujar.org\/en\/wp-json\/wp\/v2\/categories?post=4538"},{"taxonomy":"post_tag","embeddable":true,"href":"https:\/\/cofradiamatrizandujar.org\/en\/wp-json\/wp\/v2\/tags?post=4538"}],"curies":[{"name":"wp","href":"https:\/\/api.w.org\/{rel}","templated":true}]}}